{"id":4665,"date":"2018-01-29T11:48:46","date_gmt":"2018-01-29T11:48:46","guid":{"rendered":"https:\/\/www.metaform.gr\/?p=4665"},"modified":"2025-08-19T15:38:57","modified_gmt":"2025-08-19T12:38:57","slug":"wir-nehmen-an-der-messe-rt-stuttgart-2018-teil","status":"publish","type":"post","link":"https:\/\/www.metaform.gr\/de\/wir-nehmen-an-der-messe-rt-stuttgart-2018-teil\/","title":{"rendered":"Wir nehmen an der Messe R+T Stuttgart 2018 teil"},"content":{"rendered":"<div class=\"wpb-content-wrapper\">[vc_row][vc_column][vc_column_text css=&#8220;&#8220;]Wir bleiben unserem Rendezvous mit den gro\u00dfen Messen treu und freuen uns darauf, Sie an unserem Stand auf der Internationalen Messe <a href=\"https:\/\/www.messe-stuttgart.de\/r-t\/en\/\" target=\"_blank\" rel=\"noopener noreferrer\">R &amp; T Stuttgart<\/a> vom 27. Februar \u2013 3. M\u00e4rz begr\u00fc\u00dfen zu k\u00f6nnen.\r\n\r\nUnsere Anwesenheit ist zweifellos eine ausgezeichnete Gelegenheit, Sie kennen zu lernen.\r\n\r\nWir k\u00f6nnen es kaum erwarten, Sie in der Halle 1 \u2013 Stand A48 zu empfangen, um Ihnen unsere neuen Produkte vorzustellen und Ideen auszutauschen.\r\n\r\n<img decoding=\"async\" class=\"alignleft size-full wp-image-4437\" src=\"https:\/\/www.metaform.gr\/wp-content\/uploads\/2025\/08\/RT-Stuttgart.webp\" alt=\"Messe R+T Stuttgart 2018 - Halle 1\">[\/vc_column_text][\/vc_column][\/vc_row]<\/div>","protected":false},"excerpt":{"rendered":"<p>[vc_row][vc_column][vc_column_text css=&#8220;&#8220;]Wir bleiben unserem Rendezvous mit den gro\u00dfen Messen treu und freuen uns darauf, Sie an unserem Stand auf der Internationalen Messe R &amp; T Stuttgart vom 27. Februar \u2013 3. M\u00e4rz begr\u00fc\u00dfen zu k\u00f6nnen. Unsere Anwesenheit ist zweifellos eine ausgezeichnete Gelegenheit, Sie kennen zu lernen. Wir k\u00f6nnen es kaum erwarten, Sie in der Halle&#8230;  <a href=\"https:\/\/www.metaform.gr\/de\/wir-nehmen-an-der-messe-rt-stuttgart-2018-teil\/\" class=\"more-link\" title=\"Read Wir nehmen an der Messe R+T Stuttgart 2018 teil\">Read more &raquo;<\/a><\/p>\n","protected":false},"author":73,"featured_media":8589,"comment_status":"closed","ping_status":"closed","sticky":false,"template":"","format":"standard","meta":{"_acf_changed":false,"ngg_post_thumbnail":0,"footnotes":""},"categories":[38],"tags":[],"class_list":["post-4665","post","type-post","status-publish","format-standard","has-post-thumbnail","hentry","category-nachrichten"],"acf":[],"_links":{"self":[{"href":"https:\/\/www.metaform.gr\/de\/wp-json\/wp\/v2\/posts\/4665","targetHints":{"allow":["GET"]}}],"collection":[{"href":"https:\/\/www.metaform.gr\/de\/wp-json\/wp\/v2\/posts"}],"about":[{"href":"https:\/\/www.metaform.gr\/de\/wp-json\/wp\/v2\/types\/post"}],"author":[{"embeddable":true,"href":"https:\/\/www.metaform.gr\/de\/wp-json\/wp\/v2\/users\/73"}],"replies":[{"embeddable":true,"href":"https:\/\/www.metaform.gr\/de\/wp-json\/wp\/v2\/comments?post=4665"}],"version-history":[{"count":3,"href":"https:\/\/www.metaform.gr\/de\/wp-json\/wp\/v2\/posts\/4665\/revisions"}],"predecessor-version":[{"id":8599,"href":"https:\/\/www.metaform.gr\/de\/wp-json\/wp\/v2\/posts\/4665\/revisions\/8599"}],"wp:featuredmedia":[{"embeddable":true,"href":"https:\/\/www.metaform.gr\/de\/wp-json\/wp\/v2\/media\/8589"}],"wp:attachment":[{"href":"https:\/\/www.metaform.gr\/de\/wp-json\/wp\/v2\/media?parent=4665"}],"wp:term":[{"taxonomy":"category","embeddable":true,"href":"https:\/\/www.metaform.gr\/de\/wp-json\/wp\/v2\/categories?post=4665"},{"taxonomy":"post_tag","embeddable":true,"href":"https:\/\/www.metaform.gr\/de\/wp-json\/wp\/v2\/tags?post=4665"}],"curies":[{"name":"wp","href":"https:\/\/api.w.org\/{rel}","templated":true}]}}